{"id":44320,"date":"2026-04-28T13:00:11","date_gmt":"2026-04-28T11:00:11","guid":{"rendered":"https:\/\/maestromio.org\/?p=44320"},"modified":"2026-04-15T14:37:29","modified_gmt":"2026-04-15T12:37:29","slug":"pourquoi-les-madrilenes-celebrent-le-printemps-avec-leur-cuisine-familiale","status":"publish","type":"post","link":"https:\/\/maestromio.org\/fr\/pourquoi-les-madrilenes-celebrent-le-printemps-avec-leur-cuisine-familiale\/","title":{"rendered":"Pourquoi les madril\u00e8nes c\u00e9l\u00e8brent le printemps avec leur cuisine familiale\u00a0"},"content":{"rendered":"<p><span style=\"font-weight: 400;\">Si il y a bien quelque chose qui attire l\u2019attention dans la culture espagnole &#8211; au-del\u00e0 de ses f\u00eates populaires, sa gastronomie et sa fa\u00e7on unique de vivre dans les rues &#8211; c&rsquo;est la mani\u00e8re dont les familles madril\u00e8nes re\u00e7oivent le printemps \u00e0 leur table. Chaque ann\u00e9e, quand les jours s\u2019allongent et que les march\u00e9s se remplissent de produits frais, les foyers de Madrid se remplissent d\u2019ar\u00f4mes et de saveurs qui c\u00e9l\u00e8brent la saison. Dans cet article de MaestroM\u00edo nous allons d\u00e9couvrir les plats typiques, les traditions familiales et comment cette cuisine refl\u00e8te l\u2019art de vivre madril\u00e8ne au printemps.\u00a0<\/span><\/p>\n<p><img fetchpriority=\"high\" decoding=\"async\" class=\"alignnone size-full wp-image-44309\" src=\"https:\/\/maestromio.org\/wp-content\/uploads\/1227253391_1b89438c01_b.jpg\" alt=\"\" width=\"1024\" height=\"768\" srcset=\"https:\/\/maestromio.org\/wp-content\/uploads\/1227253391_1b89438c01_b.jpg 1024w, https:\/\/maestromio.org\/wp-content\/uploads\/1227253391_1b89438c01_b-300x225.jpg 300w, https:\/\/maestromio.org\/wp-content\/uploads\/1227253391_1b89438c01_b-768x576.jpg 768w\" sizes=\"(max-width: 1024px) 100vw, 1024px\" \/><\/p>\n<p><span style=\"font-weight: 400;\">La cuisine familiale madril\u00e8ne n\u2019est pas seulement une question de nourriture; c\u2019est un rituel de partage et de convivialit\u00e9. Au printemps, les familles se r\u00e9unissent autour de plats simples mais savoureux, souvent inspir\u00e9s de produits de saison: asperges, petits pois, artichauts, haricots frais et herbes aromatiques. Ces ingr\u00e9dients donnent vie \u00e0 des recettes que l\u2019on retrouve sur toutes les tables madril\u00e8nes: Potaje de primavera (potage de printemps), un rago\u00fbt l\u00e9ger avec des l\u00e9gumes de saison, parfois accompagn\u00e9 de morue ou de jambon; Tortilla de pommes de terre avec des herbes, classique mais enrichie de ciboulette, persil et parfois d\u2019asperges; Gazpacho verde (gaspacho vert), une version printani\u00e8re du fameux gaspacho andalous, \u00e9labor\u00e9 avec des concombres, poivrons et des herbes. Ces plats, bien que simples, refl\u00e8tent un parfait \u00e9quilibre entre tradition et saisonnalit\u00e9.\u00a0<\/span><\/p>\n<p><img decoding=\"async\" class=\"alignnone  wp-image-44283\" src=\"https:\/\/maestromio.org\/wp-content\/uploads\/Tomato_gazpacho.jpg\" alt=\"\" width=\"973\" height=\"730\" srcset=\"https:\/\/maestromio.org\/wp-content\/uploads\/Tomato_gazpacho.jpg 800w, https:\/\/maestromio.org\/wp-content\/uploads\/Tomato_gazpacho-300x225.jpg 300w, https:\/\/maestromio.org\/wp-content\/uploads\/Tomato_gazpacho-768x576.jpg 768w\" sizes=\"(max-width: 973px) 100vw, 973px\" \/><\/p>\n<p><span style=\"font-weight: 400;\">Le printemps \u00e0 Madrid ne se c\u00e9l\u00e8bre pas seulement dans les march\u00e9s et jardins: c\u2019est aussi une p\u00e9riode durant laquelle la cuisine devient un point de rencontre. Les enfants participent \u00e0 la pr\u00e9paration des plats, les grands-parents partagent les recettes h\u00e9r\u00e9ditaires de leurs parents et les longs repas \u00e0 table sont l&rsquo;occasion id\u00e9ale de se raconter des histoires, partager des rires et des souvenirs. Ce rituel, bien que quotidien pour les locaux, montre l\u2019importance de la transmission interg\u00e9n\u00e9rationnelle dans la culture espagnole: chaque recette est un petit h\u00e9ritage familial qui se maintient saison apr\u00e8s saison.\u00a0<\/span><\/p>\n<p><span style=\"font-weight: 400;\">Les madril\u00e8nes aiment faire leurs courses aux march\u00e9s locaux comme le March\u00e9 de San Miguel ou le March\u00e9 de la Paz, o\u00f9 les stands d\u00e9bordent de produits frais et color\u00e9s. Ces march\u00e9s sont le lieu de rencontre entre tradition et modernit\u00e9: des l\u00e9gumes bios, des fromages artisanaux et des saucisses locales se partagent l\u2019espace avec des produits exotiques. Pour les visiteurs, c\u2019est une opportunit\u00e9 unique de d\u00e9couvrir le printemps madril\u00e8ne \u00e0 travers ses saveurs, en go\u00fbtant des tapas de saison et en comprenant pourquoi la cuisine familiale reste le c\u0153ur de la vie locale.\u00a0<\/span><\/p>\n<p><span style=\"font-weight: 400;\">D\u00e9couvrir la cuisine familiale madril\u00e8ne au printemps ne se limite pas \u00e0 regarder ou photographier des plats: il faut y participer. Les visiteurs peuvent assister \u00e0 des cours de cuisine pour apprendre \u00e0 pr\u00e9parer des plats de saison, parcourir les march\u00e9s locaux en discutant avec les producteurs et en choisissant leurs propres ingr\u00e9dients, participer \u00e0 des repas et d\u00eeners dans des familles d\u2019accueil propos\u00e9es par des associations ou guides touristiques, ou aller dans des restaurants traditionnels qui offrent des menus printaniers faits maison. En alliant gastronomie, march\u00e9 et convivialit\u00e9, les touristes peuvent comprendre pourquoi, pour les madril\u00e8nes, le printemps est surtout une c\u00e9l\u00e9bration de la famille et des saveurs.\u00a0<\/span><\/p>\n<p><img decoding=\"async\" class=\"alignnone size-full wp-image-44296\" src=\"https:\/\/maestromio.org\/wp-content\/uploads\/1277658472_30b0532fb9_b.jpg\" alt=\"\" width=\"1024\" height=\"768\" srcset=\"https:\/\/maestromio.org\/wp-content\/uploads\/1277658472_30b0532fb9_b.jpg 1024w, https:\/\/maestromio.org\/wp-content\/uploads\/1277658472_30b0532fb9_b-300x225.jpg 300w, https:\/\/maestromio.org\/wp-content\/uploads\/1277658472_30b0532fb9_b-768x576.jpg 768w\" sizes=\"(max-width: 1024px) 100vw, 1024px\" \/><\/p>\n<p><span style=\"font-weight: 400;\">La cuisine familiale madril\u00e8ne au printemps est bien plus qu\u2019un simple repas: c\u2019est un moment de partage, un h\u00e9ritage transmis de g\u00e9n\u00e9ration en g\u00e9n\u00e9ration et une c\u00e9l\u00e9bration de la saison. Les plats simples, les ingr\u00e9dients frais et les longues conversations \u00e0 table refl\u00e8tent l&rsquo;essence m\u00eame de Madrid: tradition, famille et joie de vivre. Chaque bouch\u00e9e raconte une histoire, chaque plat r\u00e9unit et chaque repas printanier rappelle que la gastronomie, en Espagne, est une fa\u00e7on de c\u00e9l\u00e9brer la vie.\u00a0<\/span><\/p>\n","protected":false},"excerpt":{"rendered":"<p>Si il y a bien quelque chose qui attire l\u2019attention dans la culture espagnole &#8211; au-del\u00e0 de ses f\u00eates populaires, sa gastronomie et sa fa\u00e7on unique de vivre dans les rues &#8211; c&rsquo;est la mani\u00e8re dont les familles madril\u00e8nes re\u00e7oivent le printemps \u00e0 leur table. Chaque ann\u00e9e, quand les jours s\u2019allongent et que les march\u00e9s &#8230; <a title=\"Pourquoi les madril\u00e8nes c\u00e9l\u00e8brent le printemps avec leur cuisine familiale\u00a0\" class=\"read-more\" href=\"https:\/\/maestromio.org\/fr\/pourquoi-les-madrilenes-celebrent-le-printemps-avec-leur-cuisine-familiale\/\" aria-label=\"En savoir plus sur Pourquoi les madril\u00e8nes c\u00e9l\u00e8brent le printemps avec leur cuisine familiale\u00a0\">Lire la suite<\/a><\/p>\n","protected":false},"author":23,"featured_media":44309,"comment_status":"closed","ping_status":"closed","sticky":false,"template":"elementor_theme","format":"standard","meta":{"inline_featured_image":false,"footnotes":""},"categories":[1497],"tags":[],"class_list":["post-44320","post","type-post","status-publish","format-standard","has-post-thumbnail","hentry","category-que-hacer-en-malaga-fr"],"yoast_head":"<!-- This site is optimized with the Yoast SEO plugin v27.4 - https:\/\/yoast.com\/product\/yoast-seo-wordpress\/ -->\n<title>Pourquoi les madril\u00e8nes c\u00e9l\u00e8brent le printemps avec leur cuisine familiale\u00a0 - Maestro m\u00edo - The language school<\/title>\n<meta name=\"robots\" content=\"index, follow, max-snippet:-1, max-image-preview:large, max-video-preview:-1\" \/>\n<link rel=\"canonical\" href=\"https:\/\/maestromio.org\/fr\/pourquoi-les-madrilenes-celebrent-le-printemps-avec-leur-cuisine-familiale\/\" \/>\n<meta property=\"og:locale\" content=\"fr_FR\" \/>\n<meta property=\"og:type\" content=\"article\" \/>\n<meta property=\"og:title\" content=\"Pourquoi les madril\u00e8nes c\u00e9l\u00e8brent le printemps avec leur cuisine familiale\u00a0 - Maestro m\u00edo - The language school\" \/>\n<meta property=\"og:description\" content=\"Si il y a bien quelque chose qui attire l\u2019attention dans la culture espagnole &#8211; au-del\u00e0 de ses f\u00eates populaires, sa gastronomie et sa fa\u00e7on unique de vivre dans les rues &#8211; c&rsquo;est la mani\u00e8re dont les familles madril\u00e8nes re\u00e7oivent le printemps \u00e0 leur table. Chaque ann\u00e9e, quand les jours s\u2019allongent et que les march\u00e9s ... Lire la suite\" \/>\n<meta property=\"og:url\" content=\"https:\/\/maestromio.org\/fr\/pourquoi-les-madrilenes-celebrent-le-printemps-avec-leur-cuisine-familiale\/\" \/>\n<meta property=\"og:site_name\" content=\"Maestro m\u00edo - The language school\" \/>\n<meta property=\"article:publisher\" content=\"https:\/\/www.facebook.com\/MaestroMioMalaga\/\" \/>\n<meta property=\"article:published_time\" content=\"2026-04-28T11:00:11+00:00\" \/>\n<meta property=\"og:image\" content=\"https:\/\/maestromio.org\/wp-content\/uploads\/1227253391_1b89438c01_b.jpg\" \/>\n\t<meta property=\"og:image:width\" content=\"1024\" \/>\n\t<meta property=\"og:image:height\" content=\"768\" \/>\n\t<meta property=\"og:image:type\" content=\"image\/jpeg\" \/>\n<meta name=\"author\" content=\"Pr\u00e1cticas\" \/>\n<meta name=\"twitter:card\" content=\"summary_large_image\" \/>\n<meta name=\"twitter:creator\" content=\"@MaestroMio_\" \/>\n<meta name=\"twitter:site\" content=\"@MaestroMio_\" \/>\n<meta name=\"twitter:label1\" content=\"\u00c9crit par\" \/>\n\t<meta name=\"twitter:data1\" content=\"Pr\u00e1cticas\" \/>\n\t<meta name=\"twitter:label2\" content=\"Dur\u00e9e de lecture estim\u00e9e\" \/>\n\t<meta name=\"twitter:data2\" content=\"4 minutes\" \/>\n<script type=\"application\/ld+json\" class=\"yoast-schema-graph\">{\"@context\":\"https:\\\/\\\/schema.org\",\"@graph\":[{\"@type\":\"Article\",\"@id\":\"https:\\\/\\\/maestromio.org\\\/fr\\\/pourquoi-les-madrilenes-celebrent-le-printemps-avec-leur-cuisine-familiale\\\/#article\",\"isPartOf\":{\"@id\":\"https:\\\/\\\/maestromio.org\\\/fr\\\/pourquoi-les-madrilenes-celebrent-le-printemps-avec-leur-cuisine-familiale\\\/\"},\"author\":{\"name\":\"Pr\u00e1cticas\",\"@id\":\"https:\\\/\\\/maestromio.org\\\/fr\\\/#\\\/schema\\\/person\\\/32e4c6bce630bb9a00be92395ca2d420\"},\"headline\":\"Pourquoi les madril\u00e8nes c\u00e9l\u00e8brent le printemps avec leur cuisine familiale\u00a0\",\"datePublished\":\"2026-04-28T11:00:11+00:00\",\"mainEntityOfPage\":{\"@id\":\"https:\\\/\\\/maestromio.org\\\/fr\\\/pourquoi-les-madrilenes-celebrent-le-printemps-avec-leur-cuisine-familiale\\\/\"},\"wordCount\":698,\"image\":{\"@id\":\"https:\\\/\\\/maestromio.org\\\/fr\\\/pourquoi-les-madrilenes-celebrent-le-printemps-avec-leur-cuisine-familiale\\\/#primaryimage\"},\"thumbnailUrl\":\"https:\\\/\\\/maestromio.org\\\/wp-content\\\/uploads\\\/1227253391_1b89438c01_b.jpg\",\"articleSection\":[\"\u00bfQu\u00e9 hacer en M\u00e1laga?\"],\"inLanguage\":\"fr-FR\"},{\"@type\":\"WebPage\",\"@id\":\"https:\\\/\\\/maestromio.org\\\/fr\\\/pourquoi-les-madrilenes-celebrent-le-printemps-avec-leur-cuisine-familiale\\\/\",\"url\":\"https:\\\/\\\/maestromio.org\\\/fr\\\/pourquoi-les-madrilenes-celebrent-le-printemps-avec-leur-cuisine-familiale\\\/\",\"name\":\"Pourquoi les madril\u00e8nes c\u00e9l\u00e8brent le printemps avec leur cuisine familiale\u00a0 - Maestro m\u00edo - The language school\",\"isPartOf\":{\"@id\":\"https:\\\/\\\/maestromio.org\\\/fr\\\/#website\"},\"primaryImageOfPage\":{\"@id\":\"https:\\\/\\\/maestromio.org\\\/fr\\\/pourquoi-les-madrilenes-celebrent-le-printemps-avec-leur-cuisine-familiale\\\/#primaryimage\"},\"image\":{\"@id\":\"https:\\\/\\\/maestromio.org\\\/fr\\\/pourquoi-les-madrilenes-celebrent-le-printemps-avec-leur-cuisine-familiale\\\/#primaryimage\"},\"thumbnailUrl\":\"https:\\\/\\\/maestromio.org\\\/wp-content\\\/uploads\\\/1227253391_1b89438c01_b.jpg\",\"datePublished\":\"2026-04-28T11:00:11+00:00\",\"author\":{\"@id\":\"https:\\\/\\\/maestromio.org\\\/fr\\\/#\\\/schema\\\/person\\\/32e4c6bce630bb9a00be92395ca2d420\"},\"breadcrumb\":{\"@id\":\"https:\\\/\\\/maestromio.org\\\/fr\\\/pourquoi-les-madrilenes-celebrent-le-printemps-avec-leur-cuisine-familiale\\\/#breadcrumb\"},\"inLanguage\":\"fr-FR\",\"potentialAction\":[{\"@type\":\"ReadAction\",\"target\":[\"https:\\\/\\\/maestromio.org\\\/fr\\\/pourquoi-les-madrilenes-celebrent-le-printemps-avec-leur-cuisine-familiale\\\/\"]}]},{\"@type\":\"ImageObject\",\"inLanguage\":\"fr-FR\",\"@id\":\"https:\\\/\\\/maestromio.org\\\/fr\\\/pourquoi-les-madrilenes-celebrent-le-printemps-avec-leur-cuisine-familiale\\\/#primaryimage\",\"url\":\"https:\\\/\\\/maestromio.org\\\/wp-content\\\/uploads\\\/1227253391_1b89438c01_b.jpg\",\"contentUrl\":\"https:\\\/\\\/maestromio.org\\\/wp-content\\\/uploads\\\/1227253391_1b89438c01_b.jpg\",\"width\":1024,\"height\":768},{\"@type\":\"BreadcrumbList\",\"@id\":\"https:\\\/\\\/maestromio.org\\\/fr\\\/pourquoi-les-madrilenes-celebrent-le-printemps-avec-leur-cuisine-familiale\\\/#breadcrumb\",\"itemListElement\":[{\"@type\":\"ListItem\",\"position\":1,\"name\":\"Home\",\"item\":\"https:\\\/\\\/maestromio.org\\\/fr\\\/\"},{\"@type\":\"ListItem\",\"position\":2,\"name\":\"Pourquoi les madril\u00e8nes c\u00e9l\u00e8brent le printemps avec leur cuisine familiale\u00a0\"}]},{\"@type\":\"WebSite\",\"@id\":\"https:\\\/\\\/maestromio.org\\\/fr\\\/#website\",\"url\":\"https:\\\/\\\/maestromio.org\\\/fr\\\/\",\"name\":\"MaestroM\u00edo - The Language School\",\"description\":\"Spanish Courses in Malaga\",\"alternateName\":\"MaestroM\u00edo\",\"potentialAction\":[{\"@type\":\"SearchAction\",\"target\":{\"@type\":\"EntryPoint\",\"urlTemplate\":\"https:\\\/\\\/maestromio.org\\\/fr\\\/?s={search_term_string}\"},\"query-input\":{\"@type\":\"PropertyValueSpecification\",\"valueRequired\":true,\"valueName\":\"search_term_string\"}}],\"inLanguage\":\"fr-FR\"},{\"@type\":\"Person\",\"@id\":\"https:\\\/\\\/maestromio.org\\\/fr\\\/#\\\/schema\\\/person\\\/32e4c6bce630bb9a00be92395ca2d420\",\"name\":\"Pr\u00e1cticas\",\"image\":{\"@type\":\"ImageObject\",\"inLanguage\":\"fr-FR\",\"@id\":\"https:\\\/\\\/secure.gravatar.com\\\/avatar\\\/a51dae3bd98be7d988bba830d25b5405939dfdf57825f288c482cc38abe5226f?s=96&d=mm&r=g\",\"url\":\"https:\\\/\\\/secure.gravatar.com\\\/avatar\\\/a51dae3bd98be7d988bba830d25b5405939dfdf57825f288c482cc38abe5226f?s=96&d=mm&r=g\",\"contentUrl\":\"https:\\\/\\\/secure.gravatar.com\\\/avatar\\\/a51dae3bd98be7d988bba830d25b5405939dfdf57825f288c482cc38abe5226f?s=96&d=mm&r=g\",\"caption\":\"Pr\u00e1cticas\"}}]}<\/script>\n<!-- \/ Yoast SEO plugin. -->","yoast_head_json":{"title":"Pourquoi les madril\u00e8nes c\u00e9l\u00e8brent le printemps avec leur cuisine familiale\u00a0 - Maestro m\u00edo - The language school","robots":{"index":"index","follow":"follow","max-snippet":"max-snippet:-1","max-image-preview":"max-image-preview:large","max-video-preview":"max-video-preview:-1"},"canonical":"https:\/\/maestromio.org\/fr\/pourquoi-les-madrilenes-celebrent-le-printemps-avec-leur-cuisine-familiale\/","og_locale":"fr_FR","og_type":"article","og_title":"Pourquoi les madril\u00e8nes c\u00e9l\u00e8brent le printemps avec leur cuisine familiale\u00a0 - Maestro m\u00edo - The language school","og_description":"Si il y a bien quelque chose qui attire l\u2019attention dans la culture espagnole &#8211; au-del\u00e0 de ses f\u00eates populaires, sa gastronomie et sa fa\u00e7on unique de vivre dans les rues &#8211; c&rsquo;est la mani\u00e8re dont les familles madril\u00e8nes re\u00e7oivent le printemps \u00e0 leur table. Chaque ann\u00e9e, quand les jours s\u2019allongent et que les march\u00e9s ... Lire la suite","og_url":"https:\/\/maestromio.org\/fr\/pourquoi-les-madrilenes-celebrent-le-printemps-avec-leur-cuisine-familiale\/","og_site_name":"Maestro m\u00edo - The language school","article_publisher":"https:\/\/www.facebook.com\/MaestroMioMalaga\/","article_published_time":"2026-04-28T11:00:11+00:00","og_image":[{"width":1024,"height":768,"url":"https:\/\/maestromio.org\/wp-content\/uploads\/1227253391_1b89438c01_b.jpg","type":"image\/jpeg"}],"author":"Pr\u00e1cticas","twitter_card":"summary_large_image","twitter_creator":"@MaestroMio_","twitter_site":"@MaestroMio_","twitter_misc":{"\u00c9crit par":"Pr\u00e1cticas","Dur\u00e9e de lecture estim\u00e9e":"4 minutes"},"schema":{"@context":"https:\/\/schema.org","@graph":[{"@type":"Article","@id":"https:\/\/maestromio.org\/fr\/pourquoi-les-madrilenes-celebrent-le-printemps-avec-leur-cuisine-familiale\/#article","isPartOf":{"@id":"https:\/\/maestromio.org\/fr\/pourquoi-les-madrilenes-celebrent-le-printemps-avec-leur-cuisine-familiale\/"},"author":{"name":"Pr\u00e1cticas","@id":"https:\/\/maestromio.org\/fr\/#\/schema\/person\/32e4c6bce630bb9a00be92395ca2d420"},"headline":"Pourquoi les madril\u00e8nes c\u00e9l\u00e8brent le printemps avec leur cuisine familiale\u00a0","datePublished":"2026-04-28T11:00:11+00:00","mainEntityOfPage":{"@id":"https:\/\/maestromio.org\/fr\/pourquoi-les-madrilenes-celebrent-le-printemps-avec-leur-cuisine-familiale\/"},"wordCount":698,"image":{"@id":"https:\/\/maestromio.org\/fr\/pourquoi-les-madrilenes-celebrent-le-printemps-avec-leur-cuisine-familiale\/#primaryimage"},"thumbnailUrl":"https:\/\/maestromio.org\/wp-content\/uploads\/1227253391_1b89438c01_b.jpg","articleSection":["\u00bfQu\u00e9 hacer en M\u00e1laga?"],"inLanguage":"fr-FR"},{"@type":"WebPage","@id":"https:\/\/maestromio.org\/fr\/pourquoi-les-madrilenes-celebrent-le-printemps-avec-leur-cuisine-familiale\/","url":"https:\/\/maestromio.org\/fr\/pourquoi-les-madrilenes-celebrent-le-printemps-avec-leur-cuisine-familiale\/","name":"Pourquoi les madril\u00e8nes c\u00e9l\u00e8brent le printemps avec leur cuisine familiale\u00a0 - Maestro m\u00edo - The language school","isPartOf":{"@id":"https:\/\/maestromio.org\/fr\/#website"},"primaryImageOfPage":{"@id":"https:\/\/maestromio.org\/fr\/pourquoi-les-madrilenes-celebrent-le-printemps-avec-leur-cuisine-familiale\/#primaryimage"},"image":{"@id":"https:\/\/maestromio.org\/fr\/pourquoi-les-madrilenes-celebrent-le-printemps-avec-leur-cuisine-familiale\/#primaryimage"},"thumbnailUrl":"https:\/\/maestromio.org\/wp-content\/uploads\/1227253391_1b89438c01_b.jpg","datePublished":"2026-04-28T11:00:11+00:00","author":{"@id":"https:\/\/maestromio.org\/fr\/#\/schema\/person\/32e4c6bce630bb9a00be92395ca2d420"},"breadcrumb":{"@id":"https:\/\/maestromio.org\/fr\/pourquoi-les-madrilenes-celebrent-le-printemps-avec-leur-cuisine-familiale\/#breadcrumb"},"inLanguage":"fr-FR","potentialAction":[{"@type":"ReadAction","target":["https:\/\/maestromio.org\/fr\/pourquoi-les-madrilenes-celebrent-le-printemps-avec-leur-cuisine-familiale\/"]}]},{"@type":"ImageObject","inLanguage":"fr-FR","@id":"https:\/\/maestromio.org\/fr\/pourquoi-les-madrilenes-celebrent-le-printemps-avec-leur-cuisine-familiale\/#primaryimage","url":"https:\/\/maestromio.org\/wp-content\/uploads\/1227253391_1b89438c01_b.jpg","contentUrl":"https:\/\/maestromio.org\/wp-content\/uploads\/1227253391_1b89438c01_b.jpg","width":1024,"height":768},{"@type":"BreadcrumbList","@id":"https:\/\/maestromio.org\/fr\/pourquoi-les-madrilenes-celebrent-le-printemps-avec-leur-cuisine-familiale\/#breadcrumb","itemListElement":[{"@type":"ListItem","position":1,"name":"Home","item":"https:\/\/maestromio.org\/fr\/"},{"@type":"ListItem","position":2,"name":"Pourquoi les madril\u00e8nes c\u00e9l\u00e8brent le printemps avec leur cuisine familiale\u00a0"}]},{"@type":"WebSite","@id":"https:\/\/maestromio.org\/fr\/#website","url":"https:\/\/maestromio.org\/fr\/","name":"MaestroM\u00edo - The Language School","description":"Spanish Courses in Malaga","alternateName":"MaestroM\u00edo","potentialAction":[{"@type":"SearchAction","target":{"@type":"EntryPoint","urlTemplate":"https:\/\/maestromio.org\/fr\/?s={search_term_string}"},"query-input":{"@type":"PropertyValueSpecification","valueRequired":true,"valueName":"search_term_string"}}],"inLanguage":"fr-FR"},{"@type":"Person","@id":"https:\/\/maestromio.org\/fr\/#\/schema\/person\/32e4c6bce630bb9a00be92395ca2d420","name":"Pr\u00e1cticas","image":{"@type":"ImageObject","inLanguage":"fr-FR","@id":"https:\/\/secure.gravatar.com\/avatar\/a51dae3bd98be7d988bba830d25b5405939dfdf57825f288c482cc38abe5226f?s=96&d=mm&r=g","url":"https:\/\/secure.gravatar.com\/avatar\/a51dae3bd98be7d988bba830d25b5405939dfdf57825f288c482cc38abe5226f?s=96&d=mm&r=g","contentUrl":"https:\/\/secure.gravatar.com\/avatar\/a51dae3bd98be7d988bba830d25b5405939dfdf57825f288c482cc38abe5226f?s=96&d=mm&r=g","caption":"Pr\u00e1cticas"}}]}},"_links":{"self":[{"href":"https:\/\/maestromio.org\/fr\/wp-json\/wp\/v2\/posts\/44320","targetHints":{"allow":["GET"]}}],"collection":[{"href":"https:\/\/maestromio.org\/fr\/wp-json\/wp\/v2\/posts"}],"about":[{"href":"https:\/\/maestromio.org\/fr\/wp-json\/wp\/v2\/types\/post"}],"author":[{"embeddable":true,"href":"https:\/\/maestromio.org\/fr\/wp-json\/wp\/v2\/users\/23"}],"replies":[{"embeddable":true,"href":"https:\/\/maestromio.org\/fr\/wp-json\/wp\/v2\/comments?post=44320"}],"version-history":[{"count":1,"href":"https:\/\/maestromio.org\/fr\/wp-json\/wp\/v2\/posts\/44320\/revisions"}],"predecessor-version":[{"id":44321,"href":"https:\/\/maestromio.org\/fr\/wp-json\/wp\/v2\/posts\/44320\/revisions\/44321"}],"wp:featuredmedia":[{"embeddable":true,"href":"https:\/\/maestromio.org\/fr\/wp-json\/wp\/v2\/media\/44309"}],"wp:attachment":[{"href":"https:\/\/maestromio.org\/fr\/wp-json\/wp\/v2\/media?parent=44320"}],"wp:term":[{"taxonomy":"category","embeddable":true,"href":"https:\/\/maestromio.org\/fr\/wp-json\/wp\/v2\/categories?post=44320"},{"taxonomy":"post_tag","embeddable":true,"href":"https:\/\/maestromio.org\/fr\/wp-json\/wp\/v2\/tags?post=44320"}],"curies":[{"name":"wp","href":"https:\/\/api.w.org\/{rel}","templated":true}]}}